{"id":342,"date":"2026-06-26T15:37:00","date_gmt":"2026-06-26T15:37:00","guid":{"rendered":"https:\/\/labas.uniroma3.it\/?p=342"},"modified":"2026-08-12T09:30:27","modified_gmt":"2026-08-12T09:30:27","slug":"il-labas-alleli-user-meeting-2026-quantum-dots-per-la-rivelazione-di-radiazioni-ionizzanti","status":"publish","type":"post","link":"https:\/\/labas.uniroma3.it\/?p=342","title":{"rendered":"Il LABAS all\u2019ELI User Meeting 2026: quantum dots per la rivelazione di radiazioni ionizzanti"},"content":{"rendered":"<!-- INTRODUZIONE -->\n\n\n<p class=\"news-lead wp-block-paragraph\">\nIl Laboratorio di Analisi delle Superfici \u2013 LABAS ha partecipato all\u2019ELI User Meeting 2026, presentando le proprie attivit\u00e0 sulla sintesi e sulla caratterizzazione di quantum dots destinati alla rivelazione di radiazioni ionizzanti e allo sviluppo di dispositivi optoelettronici innovativi.\n<\/p>\n\n\n\n<!-- IMMAGINE PRINCIPALE NEL TESTO -->\n\n\n<figure class=\"wp-block-image alignwide news-main-image\">\n<img\nsrc=\"https:\/\/labas.uniroma3.it\/wp-content\/uploads\/2026\/07\/eli.png\"\nalt=\"Presentazione del LABAS all\u2019ELI User Meeting 2026\"\/>\n<figcaption class=\"wp-element-caption\">\nPresentazione delle attivit\u00e0 del LABAS all\u2019ELI User Meeting 2026 presso ELI Beamlines.\n<\/figcaption>\n<\/figure>\n\n\n\n<!-- PARTECIPAZIONE ALL'EVENTO -->\n\n\n<h2 class=\"wp-block-heading\">\nLa partecipazione del LABAS\n<\/h2>\n\n\n\n<p class=\"wp-block-paragraph\">\nL\u2019incontro, svoltosi dal 24 al 26 giugno 2026 presso la facility ELI Beamlines di Doln\u00ed B\u0159e\u017eany, nella Repubblica Ceca, ha rappresentato un\u2019importante occasione di confronto tra ricercatori, utilizzatori delle infrastrutture e specialisti impegnati nello sviluppo di sorgenti laser e sistemi avanzati per la ricerca scientifica.\n<\/p>\n\n\n\n<p class=\"wp-block-paragraph\">\nNel corso dell\u2019evento sono state presentate le attivit\u00e0 del LABAS relative alla sintesi di nanocristalli semiconduttori e quantum dots e al loro impiego nella realizzazione di materiali sensibili alle radiazioni ionizzanti. L\u2019obiettivo della ricerca \u00e8 sviluppare materiali innovativi capaci di convertire l\u2019interazione con elettroni, raggi X e radiazioni gamma in segnali ottici o elettrici misurabili.\n<\/p>\n\n\n\n<!-- ELI E ACCELERAZIONE LASER-PLASMA -->\n\n\n<h2 class=\"wp-block-heading\">\nNuove sorgenti per la ricerca sui materiali\n<\/h2>\n\n\n\n<p class=\"wp-block-paragraph\">\nLe tecnologie di accelerazione laser-plasma rappresentano una nuova frontiera per la produzione di fasci di elettroni, protoni, raggi X e radiazioni gamma. Queste sorgenti possono integrare le grandi infrastrutture convenzionali e aprire nuove possibilit\u00e0 per esperimenti compatti, altamente intensi e caratterizzati da impulsi estremamente brevi.\n<\/p>\n\n\n\n<p class=\"wp-block-paragraph\">\nLe radiazioni prodotte mediante interazione laser-plasma sono particolarmente interessanti per lo studio dei materiali, delle interfacce e delle trasformazioni indotte dall\u2019irraggiamento. Possono inoltre essere utilizzate per investigare processi chimici ultraveloci, fenomeni di interazione radiazione-materia e risposte funzionali di dispositivi avanzati.\n<\/p>\n\n\n\n<blockquote class=\"wp-block-quote is-layout-flow wp-block-quote-is-layout-flow\">\n<p>\nLo sviluppo di nanocristalli con propriet\u00e0 ottiche ed elettroniche controllabili pu\u00f2 contribuire alla realizzazione di nuovi sistemi per la rivelazione e la dosimetria delle radiazioni ionizzanti.\n<\/p>\n<\/blockquote>\n\n\n\n<!-- QUANTUM DOTS -->\n\n\n<h2 class=\"wp-block-heading\">\nQuantum dots per rivelatori innovativi\n<\/h2>\n\n\n\n<p class=\"wp-block-paragraph\">\nI quantum dots sono nanocristalli semiconduttori le cui propriet\u00e0 dipendono dalla composizione chimica, dalle dimensioni, dalla struttura superficiale e dai leganti utilizzati durante la sintesi. Il controllo di questi parametri permette di modulare l\u2019assorbimento, la fotoluminescenza e il trasporto di carica.\n<\/p>\n\n\n\n<p class=\"wp-block-paragraph\">\nLe attivit\u00e0 del LABAS comprendono la sintesi, la funzionalizzazione e la caratterizzazione di quantum dots destinati alla realizzazione di film sottili e dispositivi solidi. Particolare attenzione \u00e8 rivolta alla loro capacit\u00e0 di interagire con radiazioni ionizzanti e di generare segnali utili per applicazioni di rivelazione.\n<\/p>\n\n\n\n<div class=\"wp-block-columns news-highlight-grid is-layout-flex wp-container-core-columns-is-layout-8f761849 wp-block-columns-is-layout-flex\">\n\n\n<div class=\"wp-block-column is-layout-flow wp-block-column-is-layout-flow\">\n\n\n<div class=\"wp-block-group news-highlight-card\"><div class=\"wp-block-group__inner-container is-layout-constrained wp-block-group-is-layout-constrained\">\n\n\n<h3 class=\"wp-block-heading has-text-align-center\">\nApplicazioni biomediche\n<\/h3>\n\n\n\n<p class=\"has-text-align-center wp-block-paragraph\">\nDosimetria, imaging, monitoraggio delle radiazioni e sviluppo di materiali sensibili per applicazioni precliniche.\n<\/p>\n\n\n<\/div><\/div>\n\n\n<\/div>\n\n\n\n\n<div class=\"wp-block-column is-layout-flow wp-block-column-is-layout-flow\">\n\n\n<div class=\"wp-block-group news-highlight-card\"><div class=\"wp-block-group__inner-container is-layout-constrained wp-block-group-is-layout-constrained\">\n\n\n<h3 class=\"wp-block-heading has-text-align-center\">\nApplicazioni aerospaziali\n<\/h3>\n\n\n\n<p class=\"has-text-align-center wp-block-paragraph\">\nRivelazione e monitoraggio delle radiazioni in ambienti caratterizzati da condizioni estreme e flussi energetici elevati.\n<\/p>\n\n\n<\/div><\/div>\n\n\n<\/div>\n\n\n\n\n<div class=\"wp-block-column is-layout-flow wp-block-column-is-layout-flow\">\n\n\n<div class=\"wp-block-group news-highlight-card\"><div class=\"wp-block-group__inner-container is-layout-constrained wp-block-group-is-layout-constrained\">\n\n\n<h3 class=\"wp-block-heading has-text-align-center\">\nScienza dei materiali\n<\/h3>\n\n\n\n<p class=\"has-text-align-center wp-block-paragraph\">\nStudio dell\u2019interazione radiazione-materia e valutazione delle modificazioni strutturali, chimiche e funzionali dei materiali.\n<\/p>\n\n\n<\/div><\/div>\n\n\n<\/div>\n\n\n<\/div>\n\n\n\n<!-- VALORE DELL'EVENTO -->\n\n\n<h2 class=\"wp-block-heading\">\nUna comunit\u00e0 scientifica internazionale\n<\/h2>\n\n\n\n<p class=\"wp-block-paragraph\">\nL\u2019ELI User Meeting ha riunito una comunit\u00e0 internazionale attiva in numerosi settori, dalla fisica dei plasmi e dei campi intensi alla spettroscopia ultraveloce, dalla scienza dei materiali alle applicazioni biomediche. Il programma ha incluso presentazioni di esperimenti, workshop tematici, sessioni poster e momenti dedicati alla costruzione di nuove collaborazioni.\n<\/p>\n\n\n\n<p class=\"wp-block-paragraph\">\nLa partecipazione del LABAS ha permesso di mostrare come la chimica dei nanomateriali possa contribuire allo sviluppo di tecnologie di rivelazione per le sorgenti avanzate prodotte nelle infrastrutture laser. Il confronto con ricercatori provenienti da discipline differenti ha inoltre offerto nuove prospettive per l\u2019integrazione tra sintesi chimica, caratterizzazione dei materiali, fisica delle radiazioni e sviluppo di dispositivi.\n<\/p>\n\n\n\n<!-- RINGRAZIAMENTI -->\n\n\n<div class=\"wp-block-group news-thanks-box\"><div class=\"wp-block-group__inner-container is-layout-constrained wp-block-group-is-layout-constrained\">\n\n\n<h3 class=\"wp-block-heading\">\nRingraziamenti\n<\/h3>\n\n\n\n<p class=\"wp-block-paragraph\">\nUn ringraziamento a Udhab, Anna Cimmino, Versaci e Daniele Margarone per il confronto scientifico, il supporto e le opportunit\u00e0 di collaborazione sviluppate durante l\u2019incontro.\n<\/p>\n\n\n<\/div><\/div>\n\n\n\n<!-- LINK ESTERNO -->\n\n\n<div class=\"wp-block-buttons is-content-justification-center is-layout-flex wp-container-core-buttons-is-layout-fe48e5de wp-block-buttons-is-layout-flex\">\n\n\n<div class=\"wp-block-button\">\n<a\nclass=\"wp-block-button__link wp-element-button\"\nhref=\"https:\/\/www.eli-laser.eu\/news\/eli-s-user-meeting-2026-reflects-growing-user-community\/\"\ntarget=\"_blank\"\nrel=\"noopener\">\nScopri l\u2019ELI User Meeting 2026\n<\/a>\n<\/div>\n\n\n<\/div>\n","protected":false},"excerpt":{"rendered":"<p>Il LABAS ha partecipato all\u2019ELI User Meeting 2026 presentando le proprie ricerche sulla sintesi di quantum dots per la rivelazione di elettroni, raggi X e radiazioni gamma.<\/p>\n","protected":false},"author":1,"featured_media":343,"comment_status":"open","ping_status":"open","sticky":false,"template":"","format":"standard","meta":{"footnotes":""},"categories":[5],"tags":[],"class_list":["post-342","post","type-post","status-publish","format-standard","has-post-thumbnail","hentry","category-news"],"_links":{"self":[{"href":"https:\/\/labas.uniroma3.it\/index.php?rest_route=\/wp\/v2\/posts\/342","targetHints":{"allow":["GET"]}}],"collection":[{"href":"https:\/\/labas.uniroma3.it\/index.php?rest_route=\/wp\/v2\/posts"}],"about":[{"href":"https:\/\/labas.uniroma3.it\/index.php?rest_route=\/wp\/v2\/types\/post"}],"author":[{"embeddable":true,"href":"https:\/\/labas.uniroma3.it\/index.php?rest_route=\/wp\/v2\/users\/1"}],"replies":[{"embeddable":true,"href":"https:\/\/labas.uniroma3.it\/index.php?rest_route=%2Fwp%2Fv2%2Fcomments&post=342"}],"version-history":[{"count":2,"href":"https:\/\/labas.uniroma3.it\/index.php?rest_route=\/wp\/v2\/posts\/342\/revisions"}],"predecessor-version":[{"id":446,"href":"https:\/\/labas.uniroma3.it\/index.php?rest_route=\/wp\/v2\/posts\/342\/revisions\/446"}],"wp:featuredmedia":[{"embeddable":true,"href":"https:\/\/labas.uniroma3.it\/index.php?rest_route=\/wp\/v2\/media\/343"}],"wp:attachment":[{"href":"https:\/\/labas.uniroma3.it\/index.php?rest_route=%2Fwp%2Fv2%2Fmedia&parent=342"}],"wp:term":[{"taxonomy":"category","embeddable":true,"href":"https:\/\/labas.uniroma3.it\/index.php?rest_route=%2Fwp%2Fv2%2Fcategories&post=342"},{"taxonomy":"post_tag","embeddable":true,"href":"https:\/\/labas.uniroma3.it\/index.php?rest_route=%2Fwp%2Fv2%2Ftags&post=342"}],"curies":[{"name":"wp","href":"https:\/\/api.w.org\/{rel}","templated":true}]}}